{"id":11396,"date":"2026-09-01T00:03:05","date_gmt":"2026-09-01T00:03:05","guid":{"rendered":"https:\/\/hidalgodelparral.chihuahua.gob.mx\/?p=11396"},"modified":"2026-09-01T00:03:07","modified_gmt":"2026-09-01T00:03:07","slug":"gobierno-de-parral-fortalece-el-area-de-patrimonio-con-la-integracion-de-avelina-tarin","status":"publish","type":"post","link":"https:\/\/hidalgodelparral.chihuahua.gob.mx\/?p=11396","title":{"rendered":"Gobierno de Parral fortalece el \u00e1rea de Patrimonio con la integraci\u00f3n de Avelina Tar\u00edn"},"content":{"rendered":"\n<p>Refrendando el compromiso de la administraci\u00f3n municipal con el fortalecimiento de sus \u00e1reas de trabajo<\/p>\n\n\n\n<p>El Gobierno de Parral informa sobre la integraci\u00f3n de Avelina Tar\u00edn como encargada del \u00e1rea de Patrimonio, responsabilidad que anteriormente desempe\u00f1aba Efra\u00edn Moriel. Con este relevo, la administraci\u00f3n municipal refrenda su compromiso de fortalecer las distintas \u00e1reas que integran la administraci\u00f3n, mediante perfiles comprometidos con el servicio p\u00fablico y con el objetivo de continuar brindando resultados a las y los parralenses.<\/p>\n\n\n\n<p>El alcalde reconoci\u00f3 y agradeci\u00f3 a Efra\u00edn Moriel por el trabajo, compromiso y desempe\u00f1o mostrado durante el tiempo que estuvo al frente de esta responsabilidad, destacando su disposici\u00f3n y contribuci\u00f3n a las labores de la administraci\u00f3n municipal. Asimismo, le dese\u00f3 \u00e9xito en los proyectos y actividades que emprenda en esta nueva etapa.<\/p>\n\n\n\n<p>De igual manera, el Presidente Municipal dio la bienvenida a Avelina Tar\u00edn y le dese\u00f3 el mayor de los \u00e9xitos en esta nueva encomienda. Reiter\u00f3 que el Gobierno de Parral continuar\u00e1 trabajando en el fortalecimiento de sus \u00e1reas y en la consolidaci\u00f3n de un equipo comprometido con atender de manera eficiente las necesidades de la ciudadan\u00eda.<\/p>\n\n\n\n<p>Juntos lo Estamos Logrando<\/p>\n","protected":false},"excerpt":{"rendered":"<p>Refrendando el compromiso de la administraci\u00f3n municipal con el fortalecimiento de sus \u00e1reas de trabajo El Gobierno de Parral informa sobre la integraci\u00f3n de Avelina Tar\u00edn como encargada del \u00e1rea de Patrimonio, responsabilidad que anteriormente desempe\u00f1aba Efra\u00edn Moriel. Con este relevo, la administraci\u00f3n municipal refrenda su compromiso de fortalecer las distintas \u00e1reas que integran la [&hellip;]<\/p>\n","protected":false},"author":2,"featured_media":11397,"comment_status":"closed","ping_status":"open","sticky":false,"template":"","format":"standard","meta":{"footnotes":""},"categories":[1],"tags":[],"class_list":["post-11396","post","type-post","status-publish","format-standard","has-post-thumbnail","hentry","category-presidencia"],"_links":{"self":[{"href":"https:\/\/hidalgodelparral.chihuahua.gob.mx\/index.php?rest_route=\/wp\/v2\/posts\/11396","targetHints":{"allow":["GET"]}}],"collection":[{"href":"https:\/\/hidalgodelparral.chihuahua.gob.mx\/index.php?rest_route=\/wp\/v2\/posts"}],"about":[{"href":"https:\/\/hidalgodelparral.chihuahua.gob.mx\/index.php?rest_route=\/wp\/v2\/types\/post"}],"author":[{"embeddable":true,"href":"https:\/\/hidalgodelparral.chihuahua.gob.mx\/index.php?rest_route=\/wp\/v2\/users\/2"}],"replies":[{"embeddable":true,"href":"https:\/\/hidalgodelparral.chihuahua.gob.mx\/index.php?rest_route=%2Fwp%2Fv2%2Fcomments&post=11396"}],"version-history":[{"count":1,"href":"https:\/\/hidalgodelparral.chihuahua.gob.mx\/index.php?rest_route=\/wp\/v2\/posts\/11396\/revisions"}],"predecessor-version":[{"id":11398,"href":"https:\/\/hidalgodelparral.chihuahua.gob.mx\/index.php?rest_route=\/wp\/v2\/posts\/11396\/revisions\/11398"}],"wp:featuredmedia":[{"embeddable":true,"href":"https:\/\/hidalgodelparral.chihuahua.gob.mx\/index.php?rest_route=\/wp\/v2\/media\/11397"}],"wp:attachment":[{"href":"https:\/\/hidalgodelparral.chihuahua.gob.mx\/index.php?rest_route=%2Fwp%2Fv2%2Fmedia&parent=11396"}],"wp:term":[{"taxonomy":"category","embeddable":true,"href":"https:\/\/hidalgodelparral.chihuahua.gob.mx\/index.php?rest_route=%2Fwp%2Fv2%2Fcategories&post=11396"},{"taxonomy":"post_tag","embeddable":true,"href":"https:\/\/hidalgodelparral.chihuahua.gob.mx\/index.php?rest_route=%2Fwp%2Fv2%2Ftags&post=11396"}],"curies":[{"name":"wp","href":"https:\/\/api.w.org\/{rel}","templated":true}]}}